{"id":1508,"date":"2021-06-21T13:28:45","date_gmt":"2021-06-21T10:28:45","guid":{"rendered":"https:\/\/radio.kuopionvapaaseurakunta.fi\/?p=1508"},"modified":"2021-06-21T13:28:45","modified_gmt":"2021-06-21T10:28:45","slug":"hyvaa-iltaa-kuopiosta-12","status":"publish","type":"post","link":"https:\/\/radio.kuopionvapaaseurakunta.fi\/?p=1508","title":{"rendered":"Hyv\u00e4\u00e4 iltaa Kuopiosta"},"content":{"rendered":"El\u00e4m\u00e4 etenee muutoksin, niin seurakunnan kuin yksil\u00f6nkin kohdalla. Muistelemme menneit\u00e4 ja mietimme tulevaa Pirjo Korpelan ja P\u00e4ivi Asikaisen kanssa, kun muutos on edess\u00e4 kummallakin!","protected":false},"excerpt":{"rendered":"<p>El\u00e4m\u00e4 etenee muutoksin, niin seurakunnan kuin yksil\u00f6nkin kohdalla. Muistelemme menneit\u00e4 ja mietimme tulevaa Pirjo Korpelan ja P\u00e4ivi Asikaisen kanssa, kun muutos on edess\u00e4 kummallakin!<\/p>\n","protected":false},"author":5,"featured_media":0,"comment_status":"open","ping_status":"closed","sticky":false,"template":"","format":"standard","meta":{"jetpack_post_was_ever_published":false,"_jetpack_newsletter_access":"","_jetpack_dont_email_post_to_subs":false,"_jetpack_newsletter_tier_id":0,"_jetpack_memberships_contains_paywalled_content":false,"_jetpack_memberships_contains_paid_content":false,"footnotes":"","jetpack_publicize_message":"","jetpack_publicize_feature_enabled":true,"jetpack_social_post_already_shared":true,"jetpack_social_options":{"image_generator_settings":{"template":"highway","default_image_id":0,"font":"","enabled":false},"version":2}},"categories":[5],"tags":[],"class_list":["post-1508","post","type-post","status-publish","format-standard","hentry","category-kuopion-vapaaseurakunnan-radio-ohjelma"],"jetpack_publicize_connections":[],"jetpack_featured_media_url":"","jetpack_sharing_enabled":true,"jetpack_shortlink":"https:\/\/wp.me\/p7lwES-ok","_links":{"self":[{"href":"https:\/\/radio.kuopionvapaaseurakunta.fi\/index.php?rest_route=\/wp\/v2\/posts\/1508","targetHints":{"allow":["GET"]}}],"collection":[{"href":"https:\/\/radio.kuopionvapaaseurakunta.fi\/index.php?rest_route=\/wp\/v2\/posts"}],"about":[{"href":"https:\/\/radio.kuopionvapaaseurakunta.fi\/index.php?rest_route=\/wp\/v2\/types\/post"}],"author":[{"embeddable":true,"href":"https:\/\/radio.kuopionvapaaseurakunta.fi\/index.php?rest_route=\/wp\/v2\/users\/5"}],"replies":[{"embeddable":true,"href":"https:\/\/radio.kuopionvapaaseurakunta.fi\/index.php?rest_route=%2Fwp%2Fv2%2Fcomments&post=1508"}],"version-history":[{"count":1,"href":"https:\/\/radio.kuopionvapaaseurakunta.fi\/index.php?rest_route=\/wp\/v2\/posts\/1508\/revisions"}],"predecessor-version":[{"id":1509,"href":"https:\/\/radio.kuopionvapaaseurakunta.fi\/index.php?rest_route=\/wp\/v2\/posts\/1508\/revisions\/1509"}],"wp:attachment":[{"href":"https:\/\/radio.kuopionvapaaseurakunta.fi\/index.php?rest_route=%2Fwp%2Fv2%2Fmedia&parent=1508"}],"wp:term":[{"taxonomy":"category","embeddable":true,"href":"https:\/\/radio.kuopionvapaaseurakunta.fi\/index.php?rest_route=%2Fwp%2Fv2%2Fcategories&post=1508"},{"taxonomy":"post_tag","embeddable":true,"href":"https:\/\/radio.kuopionvapaaseurakunta.fi\/index.php?rest_route=%2Fwp%2Fv2%2Ftags&post=1508"}],"curies":[{"name":"wp","href":"https:\/\/api.w.org\/{rel}","templated":true}]}}